{"id":942,"date":"2025-03-13T18:16:30","date_gmt":"2025-03-13T21:16:30","guid":{"rendered":"https:\/\/sieg.org.br\/?p=942"},"modified":"2025-03-17T13:30:22","modified_gmt":"2025-03-17T16:30:22","slug":"eleicao-sieg-2025-comissao-eleitoral-e-definida","status":"publish","type":"post","link":"https:\/\/sieg.org.br\/index.php\/2025\/03\/13\/eleicao-sieg-2025-comissao-eleitoral-e-definida\/","title":{"rendered":"Elei\u00e7\u00e3o Sieg 2025: Comiss\u00e3o eleitoral \u00e9 definida"},"content":{"rendered":"\t\t<div data-elementor-type=\"wp-post\" data-elementor-id=\"942\" class=\"elementor elementor-942\" data-elementor-settings=\"[]\">\n\t\t\t\t\t\t\t<div class=\"elementor-section-wrap\">\n\t\t\t\t\t\t\t<section class=\"elementor-section elementor-top-section elementor-element elementor-element-6a0e173 elementor-section-boxed elementor-section-height-default elementor-section-height-default\" data-id=\"6a0e173\" data-element_type=\"section\">\n\t\t\t\t\t\t<div class=\"elementor-container elementor-column-gap-default\">\n\t\t\t\t\t<div class=\"elementor-column elementor-col-100 elementor-top-column elementor-element elementor-element-130aa2f\" data-id=\"130aa2f\" data-element_type=\"column\">\n\t\t\t<div class=\"elementor-widget-wrap elementor-element-populated\">\n\t\t\t\t\t\t\t\t<div class=\"elementor-element elementor-element-217c94b elementor-widget elementor-widget-text-editor\" data-id=\"217c94b\" data-element_type=\"widget\" data-widget_type=\"text-editor.default\">\n\t\t\t\t<div class=\"elementor-widget-container\">\n\t\t\t\t\t\t\t\t<p><img loading=\"lazy\" decoding=\"async\" class=\"size-full wp-image-951 alignleft\" src=\"https:\/\/sieg.org.br\/wp-content\/uploads\/2025\/03\/Comissao-Eleitoral-Destaque-Site.jpg\" alt=\"\" width=\"300\" height=\"225\" \/>Em Assembleia Geral Extraordin\u00e1ria, no dia 11 de mar\u00e7o de forma hibrida (presencial e remoto), os filiados ao Sindicato dos Enfermeiros de Goi\u00e1s (Sieg), elegeram os membros da Comiss\u00e3o Eleitoral, que coordenar\u00e1 os trabalhos relativos ao pleito de 2025.<\/p><p>Durante a Assembleia, foram eleitos os seguintes filiados para compor a Comiss\u00e3o Eleitoral: Marta Valeria Calatayud Carvalho, Maria do Socorro Guimaraes Rodrigues da Silva e Iara Lorena Queiroz.<\/p>\t\t\t\t\t\t<\/div>\n\t\t\t\t<\/div>\n\t\t\t\t\t<\/div>\n\t\t<\/div>\n\t\t\t\t\t\t\t<\/div>\n\t\t<\/section>\n\t\t\t\t<section class=\"elementor-section elementor-top-section elementor-element elementor-element-b84e96d elementor-section-boxed elementor-section-height-default elementor-section-height-default\" data-id=\"b84e96d\" data-element_type=\"section\">\n\t\t\t\t\t\t<div class=\"elementor-container elementor-column-gap-default\">\n\t\t\t\t\t<div class=\"elementor-column elementor-col-100 elementor-top-column elementor-element elementor-element-2333708\" data-id=\"2333708\" data-element_type=\"column\">\n\t\t\t<div class=\"elementor-widget-wrap elementor-element-populated\">\n\t\t\t\t\t\t\t\t<div class=\"elementor-element elementor-element-1a02790 elementor-widget elementor-widget-text-editor\" data-id=\"1a02790\" data-element_type=\"widget\" data-widget_type=\"text-editor.default\">\n\t\t\t\t<div class=\"elementor-widget-container\">\n\t\t\t\t\t\t\t\t<p>Publicado no Jornal O Popular, 15\/03\/2025. Se\u00e7\u00e3o Classificados, p\u00e1gina 34.\u00a0<\/p><p><a href=\"https:\/\/sieg.org.br\/wp-content\/uploads\/2025\/03\/20250315-OPOPULAR-Comissao-Eleitoral.pdf\" target=\"_blank\" rel=\"noopener\"><strong>CLIQUE AQUI PARA ACESSAR<\/strong><\/a><\/p>\t\t\t\t\t\t<\/div>\n\t\t\t\t<\/div>\n\t\t\t\t\t<\/div>\n\t\t<\/div>\n\t\t\t\t\t\t\t<\/div>\n\t\t<\/section>\n\t\t\t\t\t\t<\/div>\n\t\t\t\t\t<\/div>\n\t\t","protected":false},"excerpt":{"rendered":"<p>Em Assembleia Geral Extraordin\u00e1ria, no dia 11 de mar\u00e7o de forma hibrida (presencial e remoto), os filiados ao Sindicato dos Enfermeiros de Goi\u00e1s (Sieg), elegeram os membros da Comiss\u00e3o Eleitoral, que coordenar\u00e1 os trabalhos relativos ao pleito de 2025. Durante a Assembleia, foram eleitos os seguintes filiados para compor a Comiss\u00e3o Eleitoral: Marta Valeria Calatayud [&hellip;]<\/p>\n","protected":false},"author":2,"featured_media":951,"comment_status":"open","ping_status":"open","sticky":false,"template":"","format":"standard","meta":{"_mi_skip_tracking":false,"footnotes":""},"categories":[1],"tags":[],"aioseo_notices":[],"_links":{"self":[{"href":"https:\/\/sieg.org.br\/index.php\/wp-json\/wp\/v2\/posts\/942"}],"collection":[{"href":"https:\/\/sieg.org.br\/index.php\/wp-json\/wp\/v2\/posts"}],"about":[{"href":"https:\/\/sieg.org.br\/index.php\/wp-json\/wp\/v2\/types\/post"}],"author":[{"embeddable":true,"href":"https:\/\/sieg.org.br\/index.php\/wp-json\/wp\/v2\/users\/2"}],"replies":[{"embeddable":true,"href":"https:\/\/sieg.org.br\/index.php\/wp-json\/wp\/v2\/comments?post=942"}],"version-history":[{"count":13,"href":"https:\/\/sieg.org.br\/index.php\/wp-json\/wp\/v2\/posts\/942\/revisions"}],"predecessor-version":[{"id":961,"href":"https:\/\/sieg.org.br\/index.php\/wp-json\/wp\/v2\/posts\/942\/revisions\/961"}],"wp:featuredmedia":[{"embeddable":true,"href":"https:\/\/sieg.org.br\/index.php\/wp-json\/wp\/v2\/media\/951"}],"wp:attachment":[{"href":"https:\/\/sieg.org.br\/index.php\/wp-json\/wp\/v2\/media?parent=942"}],"wp:term":[{"taxonomy":"category","embeddable":true,"href":"https:\/\/sieg.org.br\/index.php\/wp-json\/wp\/v2\/categories?post=942"},{"taxonomy":"post_tag","embeddable":true,"href":"https:\/\/sieg.org.br\/index.php\/wp-json\/wp\/v2\/tags?post=942"}],"curies":[{"name":"wp","href":"https:\/\/api.w.org\/{rel}","templated":true}]}}