{"id":931,"date":"2025-02-21T09:24:33","date_gmt":"2025-02-21T12:24:33","guid":{"rendered":"https:\/\/sieg.org.br\/?p=931"},"modified":"2025-03-28T11:28:27","modified_gmt":"2025-03-28T14:28:27","slug":"eleicoes-sieg-2025-edital-de-convocacao-comissao-eleitoral","status":"publish","type":"post","link":"https:\/\/sieg.org.br\/index.php\/2025\/02\/21\/eleicoes-sieg-2025-edital-de-convocacao-comissao-eleitoral\/","title":{"rendered":"Elei\u00e7\u00f5es Sieg 2025 &#8211; Edital de Convoca\u00e7\u00e3o: Comiss\u00e3o Eleitoral"},"content":{"rendered":"\t\t<div data-elementor-type=\"wp-post\" data-elementor-id=\"931\" class=\"elementor elementor-931\" data-elementor-settings=\"[]\">\n\t\t\t\t\t\t\t<div class=\"elementor-section-wrap\">\n\t\t\t\t\t\t\t<section class=\"elementor-section elementor-top-section elementor-element elementor-element-5af116f elementor-section-boxed elementor-section-height-default elementor-section-height-default\" data-id=\"5af116f\" data-element_type=\"section\">\n\t\t\t\t\t\t<div class=\"elementor-container elementor-column-gap-default\">\n\t\t\t\t\t<div class=\"elementor-column elementor-col-100 elementor-top-column elementor-element elementor-element-a8932df\" data-id=\"a8932df\" data-element_type=\"column\">\n\t\t\t<div class=\"elementor-widget-wrap elementor-element-populated\">\n\t\t\t\t\t\t\t\t<div class=\"elementor-element elementor-element-dd432bf elementor-widget elementor-widget-image\" data-id=\"dd432bf\" data-element_type=\"widget\" data-widget_type=\"image.default\">\n\t\t\t\t<div class=\"elementor-widget-container\">\n\t\t\t\t\t\t\t\t\t\t\t\t\t\t\t<img loading=\"lazy\" decoding=\"async\" width=\"768\" height=\"368\" src=\"https:\/\/sieg.org.br\/wp-content\/uploads\/2025\/02\/eleicoes-sieg-2025-2-768x368.jpg\" class=\"attachment-medium_large size-medium_large\" alt=\"\" srcset=\"https:\/\/sieg.org.br\/wp-content\/uploads\/2025\/02\/eleicoes-sieg-2025-2-768x368.jpg 768w, https:\/\/sieg.org.br\/wp-content\/uploads\/2025\/02\/eleicoes-sieg-2025-2-300x144.jpg 300w, https:\/\/sieg.org.br\/wp-content\/uploads\/2025\/02\/eleicoes-sieg-2025-2-1024x491.jpg 1024w, https:\/\/sieg.org.br\/wp-content\/uploads\/2025\/02\/eleicoes-sieg-2025-2.jpg 1080w\" sizes=\"(max-width: 768px) 100vw, 768px\" \/>\t\t\t\t\t\t\t\t\t\t\t\t\t\t\t<\/div>\n\t\t\t\t<\/div>\n\t\t\t\t<div class=\"elementor-element elementor-element-a7cc26a elementor-widget elementor-widget-text-editor\" data-id=\"a7cc26a\" data-element_type=\"widget\" data-widget_type=\"text-editor.default\">\n\t\t\t\t<div class=\"elementor-widget-container\">\n\t\t\t\t\t\t\t\t<p>\u00a0<\/p><p>EDITAL DE CONVOCA\u00c7\u00c3O <br \/>ASSEMBLEIA GERAL EXTRAORDIN\u00c1RIA<\/p><p>O SINDICATO DOS ENFERMEIROS DE GOI\u00c1S\/SIEG, entidade de classe de natureza sindical representativa da categoria de Enfermeiros do Estado de Goi\u00e1s, devidamente inscrita no CNPJ sob o n\u00ba. 00.799.189\/0001-24, neste ato representado por sua presidenta, Roberta Ribeiro Rios, vem atrav\u00e9s deste, CONVOCAR TODOS OS ENFERMEIROS SINDICALIZADOS com condi\u00e7\u00f5es de votos para Assembleia Geral Extraordin\u00e1ria para ELEGER a COMISS\u00c3O ELEITORAL que coordenar\u00e1 as elei\u00e7\u00f5es da Nova Diretoria Executiva e do Conselho Fiscal da Entidade. A Assembleia ser\u00e1 realizada aos dezenove dias do m\u00eas de mar\u00e7o do ano de dois mil e vinte e cinco(11\/03\/2025) (ter\u00e7a-feira) \u00e0s 14 horas em primeira chamada e \u00e0s 14h30min em segunda e \u00faltima chamada, de forma remota e presencial na Sede do Sindicato dos Enfermeiros GO\/SIEG, na Avenida Goi\u00e1s, n\u00ba 606, Edif\u00edcio Minasbank, Setor Central, Goi\u00e2nia-Goi\u00e1s. Serve o presente Edital para fins de publicidade do ato. N\u00e3o havendo qu\u00f3rum em primeira convoca\u00e7\u00e3o, a Assembleia Geral realizar-se-\u00e1 \u00e0s 14h30min em segunda e \u00faltima convoca\u00e7\u00e3o.<\/p><p>Goi\u00e2nia-GO, 19 de fevereiro de 2025.<\/p><p>Roberta Ribeiro Rios <br \/>Presidente do Sindicato dos Enfermeiro de Goi\u00e1s \/SIEG<\/p><p>\u00a0<\/p><p><span style=\"color: #000000;\"><a style=\"color: #000000;\" href=\"https:\/\/sieg.org.br\/wp-content\/uploads\/2025\/02\/20250220-Edital-de-Convocacao-Comissao-Eleitoral.pdf\" target=\"_blank\" rel=\"noopener\"><strong>Publica\u00e7\u00e3o Jornal O Popular &#8211; Clique\u00a0 aqui<\/strong><\/a><\/span><\/p>\t\t\t\t\t\t<\/div>\n\t\t\t\t<\/div>\n\t\t\t\t\t<\/div>\n\t\t<\/div>\n\t\t\t\t\t\t\t<\/div>\n\t\t<\/section>\n\t\t\t\t\t\t<\/div>\n\t\t\t\t\t<\/div>\n\t\t","protected":false},"excerpt":{"rendered":"<p>\u00a0 EDITAL DE CONVOCA\u00c7\u00c3O ASSEMBLEIA GERAL EXTRAORDIN\u00c1RIA O SINDICATO DOS ENFERMEIROS DE GOI\u00c1S\/SIEG, entidade de classe de natureza sindical representativa da categoria de Enfermeiros do Estado de Goi\u00e1s, devidamente inscrita no CNPJ sob o n\u00ba. 00.799.189\/0001-24, neste ato representado por sua presidenta, Roberta Ribeiro Rios, vem atrav\u00e9s deste, CONVOCAR TODOS OS ENFERMEIROS SINDICALIZADOS com condi\u00e7\u00f5es [&hellip;]<\/p>\n","protected":false},"author":2,"featured_media":940,"comment_status":"open","ping_status":"open","sticky":false,"template":"","format":"standard","meta":{"_mi_skip_tracking":false,"footnotes":""},"categories":[1],"tags":[],"aioseo_notices":[],"_links":{"self":[{"href":"https:\/\/sieg.org.br\/index.php\/wp-json\/wp\/v2\/posts\/931"}],"collection":[{"href":"https:\/\/sieg.org.br\/index.php\/wp-json\/wp\/v2\/posts"}],"about":[{"href":"https:\/\/sieg.org.br\/index.php\/wp-json\/wp\/v2\/types\/post"}],"author":[{"embeddable":true,"href":"https:\/\/sieg.org.br\/index.php\/wp-json\/wp\/v2\/users\/2"}],"replies":[{"embeddable":true,"href":"https:\/\/sieg.org.br\/index.php\/wp-json\/wp\/v2\/comments?post=931"}],"version-history":[{"count":13,"href":"https:\/\/sieg.org.br\/index.php\/wp-json\/wp\/v2\/posts\/931\/revisions"}],"predecessor-version":[{"id":1030,"href":"https:\/\/sieg.org.br\/index.php\/wp-json\/wp\/v2\/posts\/931\/revisions\/1030"}],"wp:featuredmedia":[{"embeddable":true,"href":"https:\/\/sieg.org.br\/index.php\/wp-json\/wp\/v2\/media\/940"}],"wp:attachment":[{"href":"https:\/\/sieg.org.br\/index.php\/wp-json\/wp\/v2\/media?parent=931"}],"wp:term":[{"taxonomy":"category","embeddable":true,"href":"https:\/\/sieg.org.br\/index.php\/wp-json\/wp\/v2\/categories?post=931"},{"taxonomy":"post_tag","embeddable":true,"href":"https:\/\/sieg.org.br\/index.php\/wp-json\/wp\/v2\/tags?post=931"}],"curies":[{"name":"wp","href":"https:\/\/api.w.org\/{rel}","templated":true}]}}