{"id":714,"date":"2023-09-01T14:27:44","date_gmt":"2023-09-01T17:27:44","guid":{"rendered":"https:\/\/sieg.org.br\/?p=714"},"modified":"2023-09-26T10:37:17","modified_gmt":"2023-09-26T13:37:17","slug":"enfermeiros-da-rede-privada-aguardam-pagamento-do-piso-salarial-em-data-estabelecida-pelo-stf-apos-tentativa-de-negociacao-frustrada-com-sindhoesg-no-mpt","status":"publish","type":"post","link":"https:\/\/sieg.org.br\/index.php\/2023\/09\/01\/enfermeiros-da-rede-privada-aguardam-pagamento-do-piso-salarial-em-data-estabelecida-pelo-stf-apos-tentativa-de-negociacao-frustrada-com-sindhoesg-no-mpt\/","title":{"rendered":"Enfermeiros da rede privada aguardam pagamento do piso salarial em data estabelecida pelo STF ap\u00f3s tentativa de negocia\u00e7\u00e3o frustrada com Sindhoesg, no MPT"},"content":{"rendered":"\t\t<div data-elementor-type=\"wp-post\" data-elementor-id=\"714\" class=\"elementor elementor-714\" data-elementor-settings=\"[]\">\n\t\t\t\t\t\t\t<div class=\"elementor-section-wrap\">\n\t\t\t\t\t\t\t<section class=\"elementor-section elementor-top-section elementor-element elementor-element-680e982 elementor-section-boxed elementor-section-height-default elementor-section-height-default\" data-id=\"680e982\" data-element_type=\"section\">\n\t\t\t\t\t\t<div class=\"elementor-container elementor-column-gap-default\">\n\t\t\t\t\t<div class=\"elementor-column elementor-col-100 elementor-top-column elementor-element elementor-element-f398fa1\" data-id=\"f398fa1\" data-element_type=\"column\">\n\t\t\t<div class=\"elementor-widget-wrap elementor-element-populated\">\n\t\t\t\t\t\t\t\t<div class=\"elementor-element elementor-element-c6dd48b elementor-widget elementor-widget-text-editor\" data-id=\"c6dd48b\" data-element_type=\"widget\" data-widget_type=\"text-editor.default\">\n\t\t\t\t<div class=\"elementor-widget-container\">\n\t\t\t\t\t\t\t\t<p><span style=\"vertical-align: inherit;\"><span style=\"vertical-align: inherit;\"><img loading=\"lazy\" decoding=\"async\" class=\"size-medium wp-image-715 alignleft\" src=\"https:\/\/sieg.org.br\/wp-content\/uploads\/2023\/09\/Enfermeiros-rede-privada-Sieg-300x195.webp\" alt=\"\" width=\"300\" height=\"195\" srcset=\"https:\/\/sieg.org.br\/wp-content\/uploads\/2023\/09\/Enfermeiros-rede-privada-Sieg-300x195.webp 300w, https:\/\/sieg.org.br\/wp-content\/uploads\/2023\/09\/Enfermeiros-rede-privada-Sieg-768x499.webp 768w, https:\/\/sieg.org.br\/wp-content\/uploads\/2023\/09\/Enfermeiros-rede-privada-Sieg.webp 850w\" sizes=\"(max-width: 300px) 100vw, 300px\" \/>O Sindicato dos Enfermeiros de Goi\u00e1s (Sieg) e o Sindicato dos Hospitais e Estabelecimentos de Servi\u00e7os de Sa\u00fade no Estado de Goi\u00e1s (Sindhoesg) participaram, ontem (31\/08), da Audi\u00eancia de Media\u00e7\u00e3o no Minist\u00e9rio P\u00fablico do Trabalho (MPT-GO), para tratar do pagamento do piso salarial nacional da Enfermagem na rede privada.&nbsp;<\/span><\/span><\/p>\n<p><span style=\"vertical-align: inherit;\"><span style=\"vertical-align: inherit;\">Na presen\u00e7a do Procurador Regional de Trabalho, dr. <\/span><span style=\"vertical-align: inherit;\">Erlan Jos\u00e9 Peixoto do Prado, as tentativas de negocia\u00e7\u00f5es de acordo referente ao pagamento do piso salarial de enfermagem em termos diversos dos contidos na Lei 14.434\/2022, foram frustradas.&nbsp;<\/span><\/span><\/p>\n<p><span style=\"vertical-align: inherit;\"><span style=\"vertical-align: inherit;\">Diante desse resultado, o que resta no momento \u00e9 aguardar o pagamento do piso salarial a partir de 11\/09\/2023*, conforme previsto pelo STF e com prazo previsto de 60 dias ap\u00f3s a publica\u00e7\u00e3o do Ata do Julgamento do Piso Salarial no Di\u00e1rio da Justi\u00e7a Eletr\u00f4nico (DJE).&nbsp;<\/span><\/span><\/p>\n<p><span style=\"vertical-align: inherit;\"><span style=\"vertical-align: inherit;\">O Sieg espera que a rede privada cumpra o que foi previsto pelo STF. <\/span><span style=\"vertical-align: inherit;\">Al\u00e9m disso, o Sindicato dos Enfermeiros conta com a cont\u00ednua mobiliza\u00e7\u00e3o e cobran\u00e7a das institui\u00e7\u00f5es da rede privada para o pagamento.<\/span><\/span><\/p>\n<p><span style=\"vertical-align: inherit;\"><span style=\"vertical-align: inherit;\">&nbsp;<\/span><\/span><\/p>\n<p><span style=\"vertical-align: inherit;\"><span style=\"vertical-align: inherit;\">*Errata: 11\/09\/2023<\/span><\/span><\/p>\t\t\t\t\t\t<\/div>\n\t\t\t\t<\/div>\n\t\t\t\t\t<\/div>\n\t\t<\/div>\n\t\t\t\t\t\t\t<\/div>\n\t\t<\/section>\n\t\t\t\t\t\t<\/div>\n\t\t\t\t\t<\/div>\n\t\t","protected":false},"excerpt":{"rendered":"<p>O Sindicato dos Enfermeiros de Goi\u00e1s (Sieg) e o Sindicato dos Hospitais e Estabelecimentos de Servi\u00e7os de Sa\u00fade no Estado de Goi\u00e1s (Sindhoesg) participaram, ontem (31\/08), da Audi\u00eancia de Media\u00e7\u00e3o no Minist\u00e9rio P\u00fablico do Trabalho (MPT-GO), para tratar do pagamento do piso salarial nacional da Enfermagem na rede privada.&nbsp; Na presen\u00e7a do Procurador Regional de [&hellip;]<\/p>\n","protected":false},"author":2,"featured_media":715,"comment_status":"open","ping_status":"open","sticky":false,"template":"","format":"standard","meta":{"_mi_skip_tracking":false,"footnotes":""},"categories":[1],"tags":[],"aioseo_notices":[],"_links":{"self":[{"href":"https:\/\/sieg.org.br\/index.php\/wp-json\/wp\/v2\/posts\/714"}],"collection":[{"href":"https:\/\/sieg.org.br\/index.php\/wp-json\/wp\/v2\/posts"}],"about":[{"href":"https:\/\/sieg.org.br\/index.php\/wp-json\/wp\/v2\/types\/post"}],"author":[{"embeddable":true,"href":"https:\/\/sieg.org.br\/index.php\/wp-json\/wp\/v2\/users\/2"}],"replies":[{"embeddable":true,"href":"https:\/\/sieg.org.br\/index.php\/wp-json\/wp\/v2\/comments?post=714"}],"version-history":[{"count":10,"href":"https:\/\/sieg.org.br\/index.php\/wp-json\/wp\/v2\/posts\/714\/revisions"}],"predecessor-version":[{"id":750,"href":"https:\/\/sieg.org.br\/index.php\/wp-json\/wp\/v2\/posts\/714\/revisions\/750"}],"wp:featuredmedia":[{"embeddable":true,"href":"https:\/\/sieg.org.br\/index.php\/wp-json\/wp\/v2\/media\/715"}],"wp:attachment":[{"href":"https:\/\/sieg.org.br\/index.php\/wp-json\/wp\/v2\/media?parent=714"}],"wp:term":[{"taxonomy":"category","embeddable":true,"href":"https:\/\/sieg.org.br\/index.php\/wp-json\/wp\/v2\/categories?post=714"},{"taxonomy":"post_tag","embeddable":true,"href":"https:\/\/sieg.org.br\/index.php\/wp-json\/wp\/v2\/tags?post=714"}],"curies":[{"name":"wp","href":"https:\/\/api.w.org\/{rel}","templated":true}]}}