{"id":692,"date":"2023-08-22T13:43:21","date_gmt":"2023-08-22T16:43:21","guid":{"rendered":"https:\/\/sieg.org.br\/?p=692"},"modified":"2023-08-22T13:51:51","modified_gmt":"2023-08-22T16:51:51","slug":"enfermagem-cobra-o-repasse-de-informacoes-ao-ministerio-da-saude-para-pagamento-do-piso","status":"publish","type":"post","link":"https:\/\/sieg.org.br\/index.php\/2023\/08\/22\/enfermagem-cobra-o-repasse-de-informacoes-ao-ministerio-da-saude-para-pagamento-do-piso\/","title":{"rendered":"Enfermagem de Aparecida de Goi\u00e2nia cobra o repasse de informa\u00e7\u00f5es ao Minist\u00e9rio da Sa\u00fade para pagamento do piso"},"content":{"rendered":"\t\t<div data-elementor-type=\"wp-post\" data-elementor-id=\"692\" class=\"elementor elementor-692\" data-elementor-settings=\"[]\">\n\t\t\t\t\t\t\t<div class=\"elementor-section-wrap\">\n\t\t\t\t\t\t\t<section class=\"elementor-section elementor-top-section elementor-element elementor-element-11d7038 elementor-section-boxed elementor-section-height-default elementor-section-height-default\" data-id=\"11d7038\" data-element_type=\"section\">\n\t\t\t\t\t\t<div class=\"elementor-container elementor-column-gap-default\">\n\t\t\t\t\t<div class=\"elementor-column elementor-col-100 elementor-top-column elementor-element elementor-element-7966e41\" data-id=\"7966e41\" data-element_type=\"column\">\n\t\t\t<div class=\"elementor-widget-wrap elementor-element-populated\">\n\t\t\t\t\t\t\t\t<div class=\"elementor-element elementor-element-5a42086 elementor-widget elementor-widget-text-editor\" data-id=\"5a42086\" data-element_type=\"widget\" data-widget_type=\"text-editor.default\">\n\t\t\t\t<div class=\"elementor-widget-container\">\n\t\t\t\t\t\t\t\t<p><span style=\"vertical-align: inherit;\"><span style=\"vertical-align: inherit;\"><img loading=\"lazy\" decoding=\"async\" class=\"size-medium wp-image-694 alignleft\" src=\"https:\/\/sieg.org.br\/wp-content\/uploads\/2023\/08\/WhatsApp-Image-2023-08-22-at-08.28.47-300x225.jpeg\" alt=\"\" width=\"300\" height=\"225\" srcset=\"https:\/\/sieg.org.br\/wp-content\/uploads\/2023\/08\/WhatsApp-Image-2023-08-22-at-08.28.47-300x225.jpeg 300w, https:\/\/sieg.org.br\/wp-content\/uploads\/2023\/08\/WhatsApp-Image-2023-08-22-at-08.28.47-1024x768.jpeg 1024w, https:\/\/sieg.org.br\/wp-content\/uploads\/2023\/08\/WhatsApp-Image-2023-08-22-at-08.28.47-768x576.jpeg 768w, https:\/\/sieg.org.br\/wp-content\/uploads\/2023\/08\/WhatsApp-Image-2023-08-22-at-08.28.47-1536x1152.jpeg 1536w, https:\/\/sieg.org.br\/wp-content\/uploads\/2023\/08\/WhatsApp-Image-2023-08-22-at-08.28.47.jpeg 1600w\" sizes=\"(max-width: 300px) 100vw, 300px\" \/><span style=\"vertical-align: inherit;\"><span style=\"vertical-align: inherit;\">Hoje, 22\/08, a Enfermagem de Aparecida de Goi\u00e2nia foi at\u00e9 a Secretaria Municipal de Sa\u00fade (SMS) cobrar posicionamento em rela\u00e7\u00e3o \u00e0 atualiza\u00e7\u00e3o de dados dos servidores do Minist\u00e9rio da Sa\u00fade (MS), o que n\u00e3o foi feito at\u00e9 o momento. <\/span><\/span><\/span><span style=\"vertical-align: inherit;\"><span style=\"vertical-align: inherit;\"><span style=\"vertical-align: inherit;\">Como consequ\u00eancia da n\u00e3o alimenta\u00e7\u00e3o da planilha do MS, o repasse retroativo da verba Federal para ajuda de custeio do piso nacional da Enfermagem n\u00e3o foi realizado e os trabalhadores est\u00e3o sem piso salarial.<\/span><\/span><\/span><\/span><\/p><p><span style=\"vertical-align: inherit;\"><span style=\"vertical-align: inherit;\"><span style=\"vertical-align: inherit;\"><span style=\"vertical-align: inherit;\">A secret\u00e1ria Geral do Sieg, Sirley Braga, questiona sobre a falta de comprometimento da SMS em cumprir o b\u00e1sico que \u00e9 o preenchimento de dados para o MS. <\/span><\/span><\/span><span style=\"vertical-align: inherit;\"><span style=\"vertical-align: inherit;\"><span style=\"vertical-align: inherit;\">\u201cTodos sabemos h\u00e1 anos que \u00e9 necess\u00e1ria a alimenta\u00e7\u00e3o de dados para que os munic\u00edpios recebam corretamente repasses do governo federal. <\/span><\/span><\/span><span style=\"vertical-align: inherit;\"><span style=\"vertical-align: inherit;\"><span style=\"vertical-align: inherit;\">Estivemos em diversos momentos alertando sobre a necessidade de dados atualizados para o repasse da ajuda de custo do piso\u201d, afirmou.\u00a0<\/span><\/span><\/span><\/span><\/p><p><span style=\"vertical-align: inherit;\"><span style=\"vertical-align: inherit;\"><span style=\"vertical-align: inherit;\"><span style=\"vertical-align: inherit;\">Nayara Siqueira, secret\u00e1ria de Imprensa e Divulga\u00e7\u00e3o, tamb\u00e9m cobrou resposta da SMS de Aparecida durante manifesta\u00e7\u00e3o. <\/span><\/span><\/span><span style=\"vertical-align: inherit;\"><span style=\"vertical-align: inherit;\"><span style=\"vertical-align: inherit;\">\u201cQueremos que essa situa\u00e7\u00e3o seja resolvida o quanto antes. <\/span><\/span><\/span><span style=\"vertical-align: inherit;\"><span style=\"vertical-align: inherit;\"><span style=\"vertical-align: inherit;\">A Enfermagem tem lutado muito para ter seu piso nacional sem contracheque. <\/span><\/span><\/span><span style=\"vertical-align: inherit;\"><span style=\"vertical-align: inherit;\"><span style=\"vertical-align: inherit;\">Lament\u00e1vel termos que enfrentam mais esse impasse\u201d.\u00a0<\/span><\/span><\/span><\/span><\/p><p><span style=\"vertical-align: inherit;\"><span style=\"vertical-align: inherit;\"><span style=\"vertical-align: inherit;\"><span style=\"vertical-align: inherit;\">A manifesta\u00e7\u00e3o conto com o apoio de diferentes entidades representativas da categoria, entre elas o Sindsa\u00fade \u2013 parceiro de luta do Sieg e apoiador da categoria.<\/span><\/span><\/span><\/span><\/p>\t\t\t\t\t\t<\/div>\n\t\t\t\t<\/div>\n\t\t\t\t\t<\/div>\n\t\t<\/div>\n\t\t\t\t\t\t\t<\/div>\n\t\t<\/section>\n\t\t\t\t<section class=\"elementor-section elementor-top-section elementor-element elementor-element-3b24008 elementor-section-boxed elementor-section-height-default elementor-section-height-default\" data-id=\"3b24008\" data-element_type=\"section\">\n\t\t\t\t\t\t<div class=\"elementor-container elementor-column-gap-default\">\n\t\t\t\t\t<div class=\"elementor-column elementor-col-100 elementor-top-column elementor-element elementor-element-cf05311\" data-id=\"cf05311\" data-element_type=\"column\">\n\t\t\t<div class=\"elementor-widget-wrap elementor-element-populated\">\n\t\t\t\t\t\t\t\t<div class=\"elementor-element elementor-element-3b4a2f9 elementor-widget elementor-widget-gallery\" data-id=\"3b4a2f9\" data-element_type=\"widget\" data-settings=\"{&quot;lazyload&quot;:&quot;yes&quot;,&quot;gallery_layout&quot;:&quot;grid&quot;,&quot;columns&quot;:4,&quot;columns_tablet&quot;:2,&quot;columns_mobile&quot;:1,&quot;gap&quot;:{&quot;unit&quot;:&quot;px&quot;,&quot;size&quot;:10,&quot;sizes&quot;:[]},&quot;gap_tablet&quot;:{&quot;unit&quot;:&quot;px&quot;,&quot;size&quot;:10,&quot;sizes&quot;:[]},&quot;gap_mobile&quot;:{&quot;unit&quot;:&quot;px&quot;,&quot;size&quot;:10,&quot;sizes&quot;:[]},&quot;link_to&quot;:&quot;file&quot;,&quot;aspect_ratio&quot;:&quot;3:2&quot;,&quot;overlay_background&quot;:&quot;yes&quot;,&quot;content_hover_animation&quot;:&quot;fade-in&quot;}\" data-widget_type=\"gallery.default\">\n\t\t\t\t<div class=\"elementor-widget-container\">\n\t\t\t\t\t<div class=\"elementor-gallery__container\">\n\t\t\t\t\t\t\t<a class=\"e-gallery-item elementor-gallery-item elementor-animated-content\" href=\"https:\/\/sieg.org.br\/wp-content\/uploads\/2023\/08\/Manifestacao-Aparecida-Atualizacao-Ja-2.jpeg\" data-elementor-open-lightbox=\"yes\" data-elementor-lightbox-slideshow=\"all-3b4a2f9\" data-elementor-lightbox-title=\"Manifesta\u00e7\u00e3o Aparecida Atualiza\u00e7\u00e3o J\u00e1 (2)\">\n\t\t\t\t\t<div class=\"e-gallery-image elementor-gallery-item__image\" data-thumbnail=\"https:\/\/sieg.org.br\/wp-content\/uploads\/2023\/08\/Manifestacao-Aparecida-Atualizacao-Ja-2-225x300.jpeg\" data-width=\"225\" data-height=\"300\" alt=\"\" ><\/div>\n\t\t\t\t\t\t\t\t\t\t<div class=\"elementor-gallery-item__overlay\"><\/div>\n\t\t\t\t\t\t\t\t\t\t\t\t\t\t<\/a>\n\t\t\t\t\t\t\t<a class=\"e-gallery-item elementor-gallery-item elementor-animated-content\" href=\"https:\/\/sieg.org.br\/wp-content\/uploads\/2023\/08\/Manifestacao-Aparecida-Atualizacao-Ja-3.jpeg\" data-elementor-open-lightbox=\"yes\" data-elementor-lightbox-slideshow=\"all-3b4a2f9\" data-elementor-lightbox-title=\"Manifesta\u00e7\u00e3o Aparecida Atualiza\u00e7\u00e3o J\u00e1 (3)\">\n\t\t\t\t\t<div class=\"e-gallery-image elementor-gallery-item__image\" data-thumbnail=\"https:\/\/sieg.org.br\/wp-content\/uploads\/2023\/08\/Manifestacao-Aparecida-Atualizacao-Ja-3-225x300.jpeg\" data-width=\"225\" data-height=\"300\" alt=\"\" ><\/div>\n\t\t\t\t\t\t\t\t\t\t<div class=\"elementor-gallery-item__overlay\"><\/div>\n\t\t\t\t\t\t\t\t\t\t\t\t\t\t<\/a>\n\t\t\t\t\t\t\t<a class=\"e-gallery-item elementor-gallery-item elementor-animated-content\" href=\"https:\/\/sieg.org.br\/wp-content\/uploads\/2023\/08\/Manifestacao-Aparecida-Atualizacao-Ja-4.jpeg\" data-elementor-open-lightbox=\"yes\" data-elementor-lightbox-slideshow=\"all-3b4a2f9\" data-elementor-lightbox-title=\"Manifesta\u00e7\u00e3o Aparecida Atualiza\u00e7\u00e3o J\u00e1 (4)\">\n\t\t\t\t\t<div class=\"e-gallery-image elementor-gallery-item__image\" data-thumbnail=\"https:\/\/sieg.org.br\/wp-content\/uploads\/2023\/08\/Manifestacao-Aparecida-Atualizacao-Ja-4-225x300.jpeg\" data-width=\"225\" data-height=\"300\" alt=\"\" ><\/div>\n\t\t\t\t\t\t\t\t\t\t<div class=\"elementor-gallery-item__overlay\"><\/div>\n\t\t\t\t\t\t\t\t\t\t\t\t\t\t<\/a>\n\t\t\t\t\t\t\t<a class=\"e-gallery-item elementor-gallery-item elementor-animated-content\" href=\"https:\/\/sieg.org.br\/wp-content\/uploads\/2023\/08\/Manifestacao-Aparecida-Atualizacao-Ja.jpeg\" data-elementor-open-lightbox=\"yes\" data-elementor-lightbox-slideshow=\"all-3b4a2f9\" data-elementor-lightbox-title=\"Manifesta\u00e7\u00e3o Aparecida Atualiza\u00e7\u00e3o J\u00e1\">\n\t\t\t\t\t<div class=\"e-gallery-image elementor-gallery-item__image\" data-thumbnail=\"https:\/\/sieg.org.br\/wp-content\/uploads\/2023\/08\/Manifestacao-Aparecida-Atualizacao-Ja-261x300.jpeg\" data-width=\"261\" data-height=\"300\" alt=\"\" ><\/div>\n\t\t\t\t\t\t\t\t\t\t<div class=\"elementor-gallery-item__overlay\"><\/div>\n\t\t\t\t\t\t\t\t\t\t\t\t\t\t<\/a>\n\t\t\t\t\t<\/div>\n\t\t\t<\/div>\n\t\t\t\t<\/div>\n\t\t\t\t\t<\/div>\n\t\t<\/div>\n\t\t\t\t\t\t\t<\/div>\n\t\t<\/section>\n\t\t\t\t\t\t<\/div>\n\t\t\t\t\t<\/div>\n\t\t","protected":false},"excerpt":{"rendered":"<p>Hoje, 22\/08, a Enfermagem de Aparecida de Goi\u00e2nia foi at\u00e9 a Secretaria Municipal de Sa\u00fade (SMS) cobrar posicionamento em rela\u00e7\u00e3o \u00e0 atualiza\u00e7\u00e3o de dados dos servidores do Minist\u00e9rio da Sa\u00fade (MS), o que n\u00e3o foi feito at\u00e9 o momento. Como consequ\u00eancia da n\u00e3o alimenta\u00e7\u00e3o da planilha do MS, o repasse retroativo da verba Federal para [&hellip;]<\/p>\n","protected":false},"author":2,"featured_media":703,"comment_status":"open","ping_status":"open","sticky":false,"template":"","format":"standard","meta":{"_mi_skip_tracking":false,"footnotes":""},"categories":[1],"tags":[],"aioseo_notices":[],"_links":{"self":[{"href":"https:\/\/sieg.org.br\/index.php\/wp-json\/wp\/v2\/posts\/692"}],"collection":[{"href":"https:\/\/sieg.org.br\/index.php\/wp-json\/wp\/v2\/posts"}],"about":[{"href":"https:\/\/sieg.org.br\/index.php\/wp-json\/wp\/v2\/types\/post"}],"author":[{"embeddable":true,"href":"https:\/\/sieg.org.br\/index.php\/wp-json\/wp\/v2\/users\/2"}],"replies":[{"embeddable":true,"href":"https:\/\/sieg.org.br\/index.php\/wp-json\/wp\/v2\/comments?post=692"}],"version-history":[{"count":9,"href":"https:\/\/sieg.org.br\/index.php\/wp-json\/wp\/v2\/posts\/692\/revisions"}],"predecessor-version":[{"id":712,"href":"https:\/\/sieg.org.br\/index.php\/wp-json\/wp\/v2\/posts\/692\/revisions\/712"}],"wp:featuredmedia":[{"embeddable":true,"href":"https:\/\/sieg.org.br\/index.php\/wp-json\/wp\/v2\/media\/703"}],"wp:attachment":[{"href":"https:\/\/sieg.org.br\/index.php\/wp-json\/wp\/v2\/media?parent=692"}],"wp:term":[{"taxonomy":"category","embeddable":true,"href":"https:\/\/sieg.org.br\/index.php\/wp-json\/wp\/v2\/categories?post=692"},{"taxonomy":"post_tag","embeddable":true,"href":"https:\/\/sieg.org.br\/index.php\/wp-json\/wp\/v2\/tags?post=692"}],"curies":[{"name":"wp","href":"https:\/\/api.w.org\/{rel}","templated":true}]}}