{"id":196,"date":"2022-02-15T13:58:29","date_gmt":"2022-02-15T16:58:29","guid":{"rendered":"https:\/\/sieg.org.br\/?p=196"},"modified":"2022-02-15T13:58:30","modified_gmt":"2022-02-15T16:58:30","slug":"sieg-acompanhou-a-votacao-do-pl-2564-20-em-pauta-no-senado-federal","status":"publish","type":"post","link":"https:\/\/sieg.org.br\/index.php\/2022\/02\/15\/sieg-acompanhou-a-votacao-do-pl-2564-20-em-pauta-no-senado-federal\/","title":{"rendered":"Sieg acompanhou a vota\u00e7\u00e3o do PL 2564\/20, em pauta no Senado Federal"},"content":{"rendered":"","protected":false},"excerpt":{"rendered":"<p>Sieg acompanhou a vota\u00e7\u00e3o do PL 2564\/20, em pauta no Senado Federal, em Bras\u00edlia, no dia 24\/11. Os senadores aprovaram o projeto de lei que institui o piso salarial da Enfermagem.<br \/>\nO pr\u00f3ximo passo \u00e9 o texto ser analisado pela C\u00e2mara dos Deputados.<\/p>\n","protected":false},"author":1,"featured_media":197,"comment_status":"open","ping_status":"open","sticky":false,"template":"","format":"standard","meta":{"_mi_skip_tracking":false,"footnotes":""},"categories":[1],"tags":[],"aioseo_notices":[],"_links":{"self":[{"href":"https:\/\/sieg.org.br\/index.php\/wp-json\/wp\/v2\/posts\/196"}],"collection":[{"href":"https:\/\/sieg.org.br\/index.php\/wp-json\/wp\/v2\/posts"}],"about":[{"href":"https:\/\/sieg.org.br\/index.php\/wp-json\/wp\/v2\/types\/post"}],"author":[{"embeddable":true,"href":"https:\/\/sieg.org.br\/index.php\/wp-json\/wp\/v2\/users\/1"}],"replies":[{"embeddable":true,"href":"https:\/\/sieg.org.br\/index.php\/wp-json\/wp\/v2\/comments?post=196"}],"version-history":[{"count":1,"href":"https:\/\/sieg.org.br\/index.php\/wp-json\/wp\/v2\/posts\/196\/revisions"}],"predecessor-version":[{"id":198,"href":"https:\/\/sieg.org.br\/index.php\/wp-json\/wp\/v2\/posts\/196\/revisions\/198"}],"wp:featuredmedia":[{"embeddable":true,"href":"https:\/\/sieg.org.br\/index.php\/wp-json\/wp\/v2\/media\/197"}],"wp:attachment":[{"href":"https:\/\/sieg.org.br\/index.php\/wp-json\/wp\/v2\/media?parent=196"}],"wp:term":[{"taxonomy":"category","embeddable":true,"href":"https:\/\/sieg.org.br\/index.php\/wp-json\/wp\/v2\/categories?post=196"},{"taxonomy":"post_tag","embeddable":true,"href":"https:\/\/sieg.org.br\/index.php\/wp-json\/wp\/v2\/tags?post=196"}],"curies":[{"name":"wp","href":"https:\/\/api.w.org\/{rel}","templated":true}]}}