{"id":187,"date":"2022-02-15T13:55:48","date_gmt":"2022-02-15T16:55:48","guid":{"rendered":"https:\/\/sieg.org.br\/?p=187"},"modified":"2022-02-15T13:56:14","modified_gmt":"2022-02-15T16:56:14","slug":"a-importancia-de-sindicalizar-se","status":"publish","type":"post","link":"https:\/\/sieg.org.br\/index.php\/2022\/02\/15\/a-importancia-de-sindicalizar-se\/","title":{"rendered":"A import\u00e2ncia de sindicalizar-se"},"content":{"rendered":"","protected":false},"excerpt":{"rendered":"<p>Tem colegas enfermeiros que ainda pensam que n\u00e3o adianta nada estar sindicalizado e que o valor \u00e9 alto. Parte boa da informa\u00e7\u00e3o: est\u00e3o enganados! Parte ruim da informa\u00e7\u00e3o: Tem muita gente com essa ideia ainda.<\/p>\n","protected":false},"author":1,"featured_media":188,"comment_status":"open","ping_status":"open","sticky":false,"template":"","format":"standard","meta":{"_mi_skip_tracking":false,"footnotes":""},"categories":[1],"tags":[],"aioseo_notices":[],"_links":{"self":[{"href":"https:\/\/sieg.org.br\/index.php\/wp-json\/wp\/v2\/posts\/187"}],"collection":[{"href":"https:\/\/sieg.org.br\/index.php\/wp-json\/wp\/v2\/posts"}],"about":[{"href":"https:\/\/sieg.org.br\/index.php\/wp-json\/wp\/v2\/types\/post"}],"author":[{"embeddable":true,"href":"https:\/\/sieg.org.br\/index.php\/wp-json\/wp\/v2\/users\/1"}],"replies":[{"embeddable":true,"href":"https:\/\/sieg.org.br\/index.php\/wp-json\/wp\/v2\/comments?post=187"}],"version-history":[{"count":4,"href":"https:\/\/sieg.org.br\/index.php\/wp-json\/wp\/v2\/posts\/187\/revisions"}],"predecessor-version":[{"id":192,"href":"https:\/\/sieg.org.br\/index.php\/wp-json\/wp\/v2\/posts\/187\/revisions\/192"}],"wp:featuredmedia":[{"embeddable":true,"href":"https:\/\/sieg.org.br\/index.php\/wp-json\/wp\/v2\/media\/188"}],"wp:attachment":[{"href":"https:\/\/sieg.org.br\/index.php\/wp-json\/wp\/v2\/media?parent=187"}],"wp:term":[{"taxonomy":"category","embeddable":true,"href":"https:\/\/sieg.org.br\/index.php\/wp-json\/wp\/v2\/categories?post=187"},{"taxonomy":"post_tag","embeddable":true,"href":"https:\/\/sieg.org.br\/index.php\/wp-json\/wp\/v2\/tags?post=187"}],"curies":[{"name":"wp","href":"https:\/\/api.w.org\/{rel}","templated":true}]}}