{"id":1167,"date":"2025-05-28T13:49:00","date_gmt":"2025-05-28T16:49:00","guid":{"rendered":"https:\/\/sieg.org.br\/?p=1167"},"modified":"2025-05-28T14:01:18","modified_gmt":"2025-05-28T17:01:18","slug":"comissao-eleitoral-divulga-resultado","status":"publish","type":"post","link":"https:\/\/sieg.org.br\/index.php\/2025\/05\/28\/comissao-eleitoral-divulga-resultado\/","title":{"rendered":"Comiss\u00e3o eleitoral divulga resultado das elei\u00e7\u00f5es"},"content":{"rendered":"\t\t<div data-elementor-type=\"wp-post\" data-elementor-id=\"1167\" class=\"elementor elementor-1167\" data-elementor-settings=\"[]\">\n\t\t\t\t\t\t\t<div class=\"elementor-section-wrap\">\n\t\t\t\t\t\t\t<section class=\"elementor-section elementor-top-section elementor-element elementor-element-e90aeee elementor-section-boxed elementor-section-height-default elementor-section-height-default\" data-id=\"e90aeee\" data-element_type=\"section\">\n\t\t\t\t\t\t<div class=\"elementor-container elementor-column-gap-default\">\n\t\t\t\t\t<div class=\"elementor-column elementor-col-100 elementor-top-column elementor-element elementor-element-c8bb93d\" data-id=\"c8bb93d\" data-element_type=\"column\">\n\t\t\t<div class=\"elementor-widget-wrap elementor-element-populated\">\n\t\t\t\t\t\t\t\t<div class=\"elementor-element elementor-element-9d3a537 elementor-widget elementor-widget-text-editor\" data-id=\"9d3a537\" data-element_type=\"widget\" data-widget_type=\"text-editor.default\">\n\t\t\t\t<div class=\"elementor-widget-container\">\n\t\t\t\t\t\t\t\t<p>A Comiss\u00e3o Eleitoral das Elei\u00e7\u00f5es Sieg 2025 divulgou hoje, 28\/05, o resultado do pleito.\u00a0<\/p><p>&#8220;Com base no resultado das urnas, foi\u00a0eleita a chapa \u201c<em>Existir \u00e9 Resistir<\/em>**\u201d, com expressivos 92% dos votos v\u00e1lidos&#8221;, afirma o comunicado.<\/p><p>A Comiss\u00e3o Eleitoral disse ainda que a participa\u00e7\u00e3o dos filiados na vota\u00e7\u00e3o, realizada de forma on-line no dia 27\/05, reflete a confian\u00e7a da categoria e a esperan\u00e7a de um novo ciclo de conquistas.<\/p><p>Seguem os nomes que comp\u00f5em a diretoria eleita para o quadri\u00eanio 2025\/2029:<\/p><ul><li><strong>Presidente:<\/strong> Dionne Hallyson Silva de Siqueira<\/li><li><strong>Vice-presidente:<\/strong> Roberta Ribeiro Rios<\/li><li><strong>Diretor Administrativo:<\/strong> Nayara Siqueira Antunes Gadelha<\/li><li><strong>Diretor Financeiro:<\/strong> Elisangela Alves de Morais<\/li><li><strong>Diretor de Comunica\u00e7\u00e3o e Marketing:<\/strong> Adalberto Silva Meira<\/li><li><strong>Diretor de Assuntos Jur\u00eddicos:<\/strong>Mavia Mendes de Silva<\/li><li><strong>Diretor de Pol\u00edtica e Forma\u00e7\u00e3o Sindical:<\/strong> Sirley Braga Filho Pires<\/li><li><strong>Diretor de Pol\u00edticas Sociais e Direitos Humanos:<\/strong> Josiel Ribeiro Cunha<\/li><li><strong>Diretora de Diversidade e Inclus\u00e3o:<\/strong> Maria Neusa A. Flor\u00eancio Cal\u00e1cio<\/li><li><strong>Diretora de Pol\u00edtica de Sa\u00fade:<\/strong> Patr\u00edcia Pereira de Vasconcelos<\/li><li><strong>Diretora de Sa\u00fade do Trabalhador:<\/strong>Roc\u00ednilia Aparecida Melo<\/li><li><strong>Conselho Fiscal:<\/strong>Rosimaria Barreto de Oliveira; Wesley Franco de Melo; Edilane Aparecida Mendes de Oliveira<\/li><\/ul><p>A posse da nova diretoria ocorrer\u00e1 no dia 10 de junho de 2025, \u00e0s 19 horas, no audit\u00f3rio da Faculdade de Enfermagem da Universidade Federal de Goi\u00e1s.<\/p><p>\u00a0<\/p><p><img loading=\"lazy\" decoding=\"async\" class=\"aligncenter wp-image-1170 size-large\" src=\"https:\/\/sieg.org.br\/wp-content\/uploads\/2025\/05\/Resultado-Eleicoes-Sieg-2025-819x1024.png\" alt=\"\" width=\"800\" height=\"1000\" srcset=\"https:\/\/sieg.org.br\/wp-content\/uploads\/2025\/05\/Resultado-Eleicoes-Sieg-2025-819x1024.png 819w, https:\/\/sieg.org.br\/wp-content\/uploads\/2025\/05\/Resultado-Eleicoes-Sieg-2025-240x300.png 240w, https:\/\/sieg.org.br\/wp-content\/uploads\/2025\/05\/Resultado-Eleicoes-Sieg-2025-768x960.png 768w, https:\/\/sieg.org.br\/wp-content\/uploads\/2025\/05\/Resultado-Eleicoes-Sieg-2025.png 1080w\" sizes=\"(max-width: 800px) 100vw, 800px\" \/><\/p>\t\t\t\t\t\t<\/div>\n\t\t\t\t<\/div>\n\t\t\t\t\t<\/div>\n\t\t<\/div>\n\t\t\t\t\t\t\t<\/div>\n\t\t<\/section>\n\t\t\t\t\t\t<\/div>\n\t\t\t\t\t<\/div>\n\t\t","protected":false},"excerpt":{"rendered":"<p>A Comiss\u00e3o Eleitoral das Elei\u00e7\u00f5es Sieg 2025 divulgou hoje, 28\/05, o resultado do pleito.\u00a0 &#8220;Com base no resultado das urnas, foi\u00a0eleita a chapa \u201cExistir \u00e9 Resistir**\u201d, com expressivos 92% dos votos v\u00e1lidos&#8221;, afirma o comunicado. A Comiss\u00e3o Eleitoral disse ainda que a participa\u00e7\u00e3o dos filiados na vota\u00e7\u00e3o, realizada de forma on-line no dia 27\/05, reflete [&hellip;]<\/p>\n","protected":false},"author":2,"featured_media":1168,"comment_status":"open","ping_status":"open","sticky":false,"template":"","format":"standard","meta":{"_mi_skip_tracking":false,"footnotes":""},"categories":[1],"tags":[],"aioseo_notices":[],"_links":{"self":[{"href":"https:\/\/sieg.org.br\/index.php\/wp-json\/wp\/v2\/posts\/1167"}],"collection":[{"href":"https:\/\/sieg.org.br\/index.php\/wp-json\/wp\/v2\/posts"}],"about":[{"href":"https:\/\/sieg.org.br\/index.php\/wp-json\/wp\/v2\/types\/post"}],"author":[{"embeddable":true,"href":"https:\/\/sieg.org.br\/index.php\/wp-json\/wp\/v2\/users\/2"}],"replies":[{"embeddable":true,"href":"https:\/\/sieg.org.br\/index.php\/wp-json\/wp\/v2\/comments?post=1167"}],"version-history":[{"count":7,"href":"https:\/\/sieg.org.br\/index.php\/wp-json\/wp\/v2\/posts\/1167\/revisions"}],"predecessor-version":[{"id":1179,"href":"https:\/\/sieg.org.br\/index.php\/wp-json\/wp\/v2\/posts\/1167\/revisions\/1179"}],"wp:featuredmedia":[{"embeddable":true,"href":"https:\/\/sieg.org.br\/index.php\/wp-json\/wp\/v2\/media\/1168"}],"wp:attachment":[{"href":"https:\/\/sieg.org.br\/index.php\/wp-json\/wp\/v2\/media?parent=1167"}],"wp:term":[{"taxonomy":"category","embeddable":true,"href":"https:\/\/sieg.org.br\/index.php\/wp-json\/wp\/v2\/categories?post=1167"},{"taxonomy":"post_tag","embeddable":true,"href":"https:\/\/sieg.org.br\/index.php\/wp-json\/wp\/v2\/tags?post=1167"}],"curies":[{"name":"wp","href":"https:\/\/api.w.org\/{rel}","templated":true}]}}