{"id":1139,"date":"2025-05-12T09:51:25","date_gmt":"2025-05-12T12:51:25","guid":{"rendered":"https:\/\/sieg.org.br\/?p=1139"},"modified":"2025-05-12T12:10:05","modified_gmt":"2025-05-12T15:10:05","slug":"conheca-os-candidatos-a-proxima-gestao-do-sieg","status":"publish","type":"post","link":"https:\/\/sieg.org.br\/index.php\/2025\/05\/12\/conheca-os-candidatos-a-proxima-gestao-do-sieg\/","title":{"rendered":"Conhe\u00e7a os candidatos \u00e0 pr\u00f3xima gest\u00e3o do Sieg"},"content":{"rendered":"\t\t<div data-elementor-type=\"wp-post\" data-elementor-id=\"1139\" class=\"elementor elementor-1139\" data-elementor-settings=\"[]\">\n\t\t\t\t\t\t\t<div class=\"elementor-section-wrap\">\n\t\t\t\t\t\t\t<section class=\"elementor-section elementor-top-section elementor-element elementor-element-4560e78 elementor-section-boxed elementor-section-height-default elementor-section-height-default\" data-id=\"4560e78\" data-element_type=\"section\">\n\t\t\t\t\t\t<div class=\"elementor-container elementor-column-gap-default\">\n\t\t\t\t\t<div class=\"elementor-column elementor-col-100 elementor-top-column elementor-element elementor-element-2d9b5ac\" data-id=\"2d9b5ac\" data-element_type=\"column\">\n\t\t\t<div class=\"elementor-widget-wrap elementor-element-populated\">\n\t\t\t\t\t\t\t\t<div class=\"elementor-element elementor-element-a272e59 elementor-widget elementor-widget-image\" data-id=\"a272e59\" data-element_type=\"widget\" data-widget_type=\"image.default\">\n\t\t\t\t<div class=\"elementor-widget-container\">\n\t\t\t\t\t\t\t\t\t\t\t\t\t\t\t<img loading=\"lazy\" decoding=\"async\" width=\"606\" height=\"757\" src=\"https:\/\/sieg.org.br\/wp-content\/uploads\/2025\/05\/WhatsApp-Image-2025-05-09-at-09.26.02.jpeg\" class=\"attachment-large size-large\" alt=\"\" srcset=\"https:\/\/sieg.org.br\/wp-content\/uploads\/2025\/05\/WhatsApp-Image-2025-05-09-at-09.26.02.jpeg 606w, https:\/\/sieg.org.br\/wp-content\/uploads\/2025\/05\/WhatsApp-Image-2025-05-09-at-09.26.02-240x300.jpeg 240w\" sizes=\"(max-width: 606px) 100vw, 606px\" \/>\t\t\t\t\t\t\t\t\t\t\t\t\t\t\t<\/div>\n\t\t\t\t<\/div>\n\t\t\t\t\t<\/div>\n\t\t<\/div>\n\t\t\t\t\t\t\t<\/div>\n\t\t<\/section>\n\t\t\t\t<section class=\"elementor-section elementor-top-section elementor-element elementor-element-99db402 elementor-section-boxed elementor-section-height-default elementor-section-height-default\" data-id=\"99db402\" data-element_type=\"section\">\n\t\t\t\t\t\t<div class=\"elementor-container elementor-column-gap-default\">\n\t\t\t\t\t<div class=\"elementor-column elementor-col-100 elementor-top-column elementor-element elementor-element-666a16b\" data-id=\"666a16b\" data-element_type=\"column\">\n\t\t\t<div class=\"elementor-widget-wrap elementor-element-populated\">\n\t\t\t\t\t\t\t\t<div class=\"elementor-element elementor-element-553c7b8 elementor-widget elementor-widget-text-editor\" data-id=\"553c7b8\" data-element_type=\"widget\" data-widget_type=\"text-editor.default\">\n\t\t\t\t<div class=\"elementor-widget-container\">\n\t\t\t\t\t\t\t\t<p>Em cumprimento do inciso I do artigo 3\u00ba do Regimento Especial de Elei\u00e7\u00f5es do Sindicato dos Enfermeiros de Goi\u00e1s, a Comiss\u00e3o Eleitoral vem a p\u00fablico divulgar informa\u00e7\u00e3o sobre a chapa inscrita para concorrer as elei\u00e7\u00f5es de 2025:<\/p><p><strong>Presidente<\/strong> \u2013 Dionne Hallyson Silva de Siqueira<br \/><strong>Vice-presidente<\/strong> \u2013 Roberta Ribeiro Rios<br \/><strong>Diretora Administrativa<\/strong> \u2013 Nayara Siqueira Antunes Gadelha<br \/><strong>Diretor Financeiro<\/strong> \u2013 Elisangela Alves de Morais<br \/><strong>Diretor de Comunica\u00e7\u00e3o e Marketing<\/strong> \u2013 Adalberto Silva Meira<br \/><strong>Diretora de Assuntos Jur\u00eddicos<\/strong> \u2013 Mavia Mendes de Silva<br \/><strong>Diretor de Pol\u00edtica e Forma\u00e7\u00e3o Sindical<\/strong> \u2013 Sirley Braga Filho Pires<br \/><strong>Diretor de Pol\u00edtica Social e Direitos Humanos<\/strong> \u2013 Josiel Ribeiro Cunha<br \/><strong>Diretora de Diversidade e Inclus\u00e3o<\/strong> \u2013 Maria Neusa A. Flor\u00eancio Cal\u00e1cio<br \/><strong>Diretora e Pol\u00edtica de Sa\u00fade<\/strong> \u2013 Patr\u00edcia Pereira de Vasconcelos<br \/><strong>Diretora de Sa\u00fade do Trabalhador<\/strong> \u2013 Roc\u00ednilia Aparecida Melo<\/p><p><strong>Conselho Fiscal<\/strong><br \/>Rosimaria Barreto de Oliveira<br \/>Wesley Franco de Melo<br \/>Edilane Aparecida Mendes de Oliveira<\/p><p>\u00a0<\/p><p>&#8220;Existir \u00e9 Resistir \u2013 Nossa hist\u00f3ria ningu\u00e9m apaga!&#8221;<\/p><p>Enfermeiras e enfermeiros de Goi\u00e1s,<\/p><p>Vivemos um momento hist\u00f3rico de grandes desafios para os movimentos sociais, tanto em nosso estado quanto em todo o pa\u00eds. Em meio a tentativas de desmonte dos direitos conquistados, existir \u2014 como categoria organizada, consciente e mobilizada \u2014 tornou-se um ato de resist\u00eancia.<\/p><p>Nos \u00faltimos anos, nossa luta pela valoriza\u00e7\u00e3o da enfermagem goiana alcan\u00e7ou vit\u00f3rias importantes, como a efetiva\u00e7\u00e3o do piso salarial da categoria. No entanto, sabemos que nenhuma conquista \u00e9 definitiva sem a permanente vigil\u00e2ncia, mobiliza\u00e7\u00e3o e participa\u00e7\u00e3o ativa da nossa base.<\/p><p>O Sindicato dos Enfermeiros do Estado de Goi\u00e1s (SIEG), mesmo diante de persegui\u00e7\u00f5es, ass\u00e9dios e tentativas de enfraquecimento, manteve-se firme na constru\u00e7\u00e3o coletiva da luta. Demonstramos que apenas a a\u00e7\u00e3o sindical s\u00f3lida, enraizada na base e comprometida com a classe trabalhadora, \u00e9 capaz de resistir e avan\u00e7ar.<\/p><p>Crescemos em n\u00fameros, mas tamb\u00e9m em representatividade. Ampliamos nossa participa\u00e7\u00e3o em conselhos, coletivos e espa\u00e7os de decis\u00e3o. Hoje, o SIEG ocupa lugar de destaque nas pautas centrais das lutas trabalhistas em Goi\u00e1s, sendo uma presen\u00e7a constante e ativa nos embates que definem o futuro da nossa profiss\u00e3o.<\/p><p>\u00c9 com esse esp\u00edrito de resist\u00eancia, coragem e unidade que apresentamos nossa chapa para a nova gest\u00e3o do SIEG. Um coletivo que acredita na for\u00e7a da categoria e que assume o compromisso de continuar lutando ao lado de cada enfermeira e enfermeiro do nosso estado.<\/p><p>Convidamos todas e todos a seguirem conosco: debatendo, participando e transformando, todos os dias, a realidade da enfermagem goiana.<\/p><p>Porque EXISTIR \u00e9 RESISTIR \u2014 e nossa hist\u00f3ria,\u00a0ningu\u00e9m\u00a0apaga!<\/p>\t\t\t\t\t\t<\/div>\n\t\t\t\t<\/div>\n\t\t\t\t\t<\/div>\n\t\t<\/div>\n\t\t\t\t\t\t\t<\/div>\n\t\t<\/section>\n\t\t\t\t\t\t<\/div>\n\t\t\t\t\t<\/div>\n\t\t","protected":false},"excerpt":{"rendered":"<p>Em cumprimento do inciso I do artigo 3\u00ba do Regimento Especial de Elei\u00e7\u00f5es do Sindicato dos Enfermeiros de Goi\u00e1s, a Comiss\u00e3o Eleitoral vem a p\u00fablico divulgar informa\u00e7\u00e3o sobre a chapa inscrita para concorrer as elei\u00e7\u00f5es de 2025: Presidente \u2013 Dionne Hallyson Silva de SiqueiraVice-presidente \u2013 Roberta Ribeiro RiosDiretora Administrativa \u2013 Nayara Siqueira Antunes GadelhaDiretor Financeiro [&hellip;]<\/p>\n","protected":false},"author":2,"featured_media":1145,"comment_status":"open","ping_status":"open","sticky":false,"template":"","format":"standard","meta":{"_mi_skip_tracking":false,"footnotes":""},"categories":[1],"tags":[],"aioseo_notices":[],"_links":{"self":[{"href":"https:\/\/sieg.org.br\/index.php\/wp-json\/wp\/v2\/posts\/1139"}],"collection":[{"href":"https:\/\/sieg.org.br\/index.php\/wp-json\/wp\/v2\/posts"}],"about":[{"href":"https:\/\/sieg.org.br\/index.php\/wp-json\/wp\/v2\/types\/post"}],"author":[{"embeddable":true,"href":"https:\/\/sieg.org.br\/index.php\/wp-json\/wp\/v2\/users\/2"}],"replies":[{"embeddable":true,"href":"https:\/\/sieg.org.br\/index.php\/wp-json\/wp\/v2\/comments?post=1139"}],"version-history":[{"count":4,"href":"https:\/\/sieg.org.br\/index.php\/wp-json\/wp\/v2\/posts\/1139\/revisions"}],"predecessor-version":[{"id":1144,"href":"https:\/\/sieg.org.br\/index.php\/wp-json\/wp\/v2\/posts\/1139\/revisions\/1144"}],"wp:featuredmedia":[{"embeddable":true,"href":"https:\/\/sieg.org.br\/index.php\/wp-json\/wp\/v2\/media\/1145"}],"wp:attachment":[{"href":"https:\/\/sieg.org.br\/index.php\/wp-json\/wp\/v2\/media?parent=1139"}],"wp:term":[{"taxonomy":"category","embeddable":true,"href":"https:\/\/sieg.org.br\/index.php\/wp-json\/wp\/v2\/categories?post=1139"},{"taxonomy":"post_tag","embeddable":true,"href":"https:\/\/sieg.org.br\/index.php\/wp-json\/wp\/v2\/tags?post=1139"}],"curies":[{"name":"wp","href":"https:\/\/api.w.org\/{rel}","templated":true}]}}