{"id":1119,"date":"2025-04-22T15:46:46","date_gmt":"2025-04-22T18:46:46","guid":{"rendered":"https:\/\/sieg.org.br\/?p=1119"},"modified":"2025-05-26T15:24:24","modified_gmt":"2025-05-26T18:24:24","slug":"eleicoes-2025-edital-de-comunicacao","status":"publish","type":"post","link":"https:\/\/sieg.org.br\/index.php\/2025\/04\/22\/eleicoes-2025-edital-de-comunicacao\/","title":{"rendered":"Elei\u00e7\u00f5es 2025: Edital de Comunica\u00e7\u00e3o"},"content":{"rendered":"\t\t<div data-elementor-type=\"wp-post\" data-elementor-id=\"1119\" class=\"elementor elementor-1119\" data-elementor-settings=\"[]\">\n\t\t\t\t\t\t\t<div class=\"elementor-section-wrap\">\n\t\t\t\t\t\t\t<section class=\"elementor-section elementor-top-section elementor-element elementor-element-ea3a909 elementor-section-boxed elementor-section-height-default elementor-section-height-default\" data-id=\"ea3a909\" data-element_type=\"section\">\n\t\t\t\t\t\t<div class=\"elementor-container elementor-column-gap-default\">\n\t\t\t\t\t<div class=\"elementor-column elementor-col-100 elementor-top-column elementor-element elementor-element-98ec199\" data-id=\"98ec199\" data-element_type=\"column\">\n\t\t\t<div class=\"elementor-widget-wrap elementor-element-populated\">\n\t\t\t\t\t\t\t\t<div class=\"elementor-element elementor-element-dfaf318 elementor-widget elementor-widget-image\" data-id=\"dfaf318\" data-element_type=\"widget\" data-widget_type=\"image.default\">\n\t\t\t\t<div class=\"elementor-widget-container\">\n\t\t\t\t\t\t\t\t\t\t\t\t\t\t\t<img loading=\"lazy\" decoding=\"async\" width=\"300\" height=\"225\" src=\"https:\/\/sieg.org.br\/wp-content\/uploads\/2025\/04\/Edital-de-Comunicacao-Eleicao-2025.jpg\" class=\"attachment-large size-large\" alt=\"\" \/>\t\t\t\t\t\t\t\t\t\t\t\t\t\t\t<\/div>\n\t\t\t\t<\/div>\n\t\t\t\t\t<\/div>\n\t\t<\/div>\n\t\t\t\t\t\t\t<\/div>\n\t\t<\/section>\n\t\t\t\t<section class=\"elementor-section elementor-top-section elementor-element elementor-element-56d5310 elementor-section-boxed elementor-section-height-default elementor-section-height-default\" data-id=\"56d5310\" data-element_type=\"section\">\n\t\t\t\t\t\t<div class=\"elementor-container elementor-column-gap-default\">\n\t\t\t\t\t<div class=\"elementor-column elementor-col-100 elementor-top-column elementor-element elementor-element-a26dfdb\" data-id=\"a26dfdb\" data-element_type=\"column\">\n\t\t\t<div class=\"elementor-widget-wrap elementor-element-populated\">\n\t\t\t\t\t\t\t\t<div class=\"elementor-element elementor-element-7ae8cb1 elementor-widget elementor-widget-text-editor\" data-id=\"7ae8cb1\" data-element_type=\"widget\" data-widget_type=\"text-editor.default\">\n\t\t\t\t<div class=\"elementor-widget-container\">\n\t\t\t\t\t\t\t\t<p><strong>EDITAL DE COMUNICA\u00c7\u00c3O<\/strong><\/p><p>A Comiss\u00e3o Eleitoral do Sindicato do Enfermeiros de Goi\u00e1s no uso de suas atribui\u00e7\u00f5es legais e regimentais em vig\u00eancia; CONSIDERANDO o per\u00edodo para abertura de inscri\u00e7\u00e3o de chapas ao pleito eleitoral SIEG 2025-2029 que atendam os crit\u00e9rios de elegibilidade constantes nos dispositivos legais e regimentais do Estatuto e Regimento eleitoral vigente, Decide: Art. 1\u00ba Homologar o pedido de inscri\u00e7\u00e3o da chapa 1 denominada: Enfermeiro(a): \u201cExistir \u00e9 Resistir\u201d composta por:Presidente \u2013 Dionne Hallyson Silva de Siqueira; Vice-presidente \u2013 Roberta Ribeiro Rios; Diretor Administrativo \u2013 Nayara Siqueira Antunes Gadelha; Diretor Financeiro \u2013 Elisangela Alves de Morais; Diretor de Comunica\u00e7\u00e3o e Marketing \u2013 Adalberto Silva Meira; Diretor de Assuntos Jur\u00eddicos &#8211;\u00a0 Mavia Mendes de Silva; Diretor de Pol\u00edtica e Forma\u00e7\u00e3o Sindical \u2013 Sirley Braga Filho Pires; Diretor de Pol\u00edtica Sociais e Direitos Humanos \u2013 Josiel Ribeiro Cunha; Diretor de Diversidade e Inclus\u00e3o \u2013 Maria Neusa A. Flor\u00eancio Cal\u00e1cio; Diretor e Pol\u00edtica de Sa\u00fade \u2013 Patr\u00edcia Pereira de Vasconcelos; Diretor de Sa\u00fade do Trabalhador \u2013 Roc\u00ednilia Aparecida Melo; Conselho Fiscal: Rosimaria Barreto de Oliveira; Wesley Franco de Melo; EdilaneAparecida Mendes de Oliveira, para concorrer o pleito eleitoral que visa a composi\u00e7\u00e3o da Diretoria Executiva e Conselho Fiscal, para o quadri\u00eanio 2025\/2029. Art. 2\u00ba Esta Decis\u00e3o entra em vigor na data de sua Publica\u00e7\u00e3o.<\/p><p>Marta Val\u00e9ria Calatayud Carvalho &#8211; Presidente da Comiss\u00e3o Eleitoral.<\/p><p>Goi\u00e2nia-GO, 22 de abril de 2025.<\/p><p><a href=\"https:\/\/sieg.org.br\/wp-content\/uploads\/2025\/04\/JORNAL-O-POPULAR-DITAL-DE-COMUNICACAO-DE-INSCRICAO-DE-CHAPA.pdf\">Publica\u00e7\u00e3o no Jornal O Popular &#8211; Clique Aqui<\/a><\/p>\t\t\t\t\t\t<\/div>\n\t\t\t\t<\/div>\n\t\t\t\t\t<\/div>\n\t\t<\/div>\n\t\t\t\t\t\t\t<\/div>\n\t\t<\/section>\n\t\t\t\t\t\t<\/div>\n\t\t\t\t\t<\/div>\n\t\t","protected":false},"excerpt":{"rendered":"<p>EDITAL DE COMUNICA\u00c7\u00c3O A Comiss\u00e3o Eleitoral do Sindicato do Enfermeiros de Goi\u00e1s no uso de suas atribui\u00e7\u00f5es legais e regimentais em vig\u00eancia; CONSIDERANDO o per\u00edodo para abertura de inscri\u00e7\u00e3o de chapas ao pleito eleitoral SIEG 2025-2029 que atendam os crit\u00e9rios de elegibilidade constantes nos dispositivos legais e regimentais do Estatuto e Regimento eleitoral vigente, Decide: [&hellip;]<\/p>\n","protected":false},"author":2,"featured_media":1120,"comment_status":"open","ping_status":"open","sticky":false,"template":"","format":"standard","meta":{"_mi_skip_tracking":false,"footnotes":""},"categories":[1],"tags":[],"aioseo_notices":[],"_links":{"self":[{"href":"https:\/\/sieg.org.br\/index.php\/wp-json\/wp\/v2\/posts\/1119"}],"collection":[{"href":"https:\/\/sieg.org.br\/index.php\/wp-json\/wp\/v2\/posts"}],"about":[{"href":"https:\/\/sieg.org.br\/index.php\/wp-json\/wp\/v2\/types\/post"}],"author":[{"embeddable":true,"href":"https:\/\/sieg.org.br\/index.php\/wp-json\/wp\/v2\/users\/2"}],"replies":[{"embeddable":true,"href":"https:\/\/sieg.org.br\/index.php\/wp-json\/wp\/v2\/comments?post=1119"}],"version-history":[{"count":15,"href":"https:\/\/sieg.org.br\/index.php\/wp-json\/wp\/v2\/posts\/1119\/revisions"}],"predecessor-version":[{"id":1166,"href":"https:\/\/sieg.org.br\/index.php\/wp-json\/wp\/v2\/posts\/1119\/revisions\/1166"}],"wp:featuredmedia":[{"embeddable":true,"href":"https:\/\/sieg.org.br\/index.php\/wp-json\/wp\/v2\/media\/1120"}],"wp:attachment":[{"href":"https:\/\/sieg.org.br\/index.php\/wp-json\/wp\/v2\/media?parent=1119"}],"wp:term":[{"taxonomy":"category","embeddable":true,"href":"https:\/\/sieg.org.br\/index.php\/wp-json\/wp\/v2\/categories?post=1119"},{"taxonomy":"post_tag","embeddable":true,"href":"https:\/\/sieg.org.br\/index.php\/wp-json\/wp\/v2\/tags?post=1119"}],"curies":[{"name":"wp","href":"https:\/\/api.w.org\/{rel}","templated":true}]}}