{"id":1064,"date":"2025-03-28T11:58:37","date_gmt":"2025-03-28T14:58:37","guid":{"rendered":"https:\/\/sieg.org.br\/?p=1064"},"modified":"2025-03-28T12:08:17","modified_gmt":"2025-03-28T15:08:17","slug":"mensagem-da-comissao-eleitoral","status":"publish","type":"post","link":"https:\/\/sieg.org.br\/index.php\/2025\/03\/28\/mensagem-da-comissao-eleitoral\/","title":{"rendered":"Mensagem da Comiss\u00e3o Eleitoral"},"content":{"rendered":"\t\t<div data-elementor-type=\"wp-post\" data-elementor-id=\"1064\" class=\"elementor elementor-1064\" data-elementor-settings=\"[]\">\n\t\t\t\t\t\t\t<div class=\"elementor-section-wrap\">\n\t\t\t\t\t\t\t<section class=\"elementor-section elementor-top-section elementor-element elementor-element-1e07b5e elementor-section-boxed elementor-section-height-default elementor-section-height-default\" data-id=\"1e07b5e\" data-element_type=\"section\">\n\t\t\t\t\t\t<div class=\"elementor-container elementor-column-gap-default\">\n\t\t\t\t\t<div class=\"elementor-column elementor-col-100 elementor-top-column elementor-element elementor-element-3ba90c8\" data-id=\"3ba90c8\" data-element_type=\"column\">\n\t\t\t<div class=\"elementor-widget-wrap elementor-element-populated\">\n\t\t\t\t\t\t\t\t<div class=\"elementor-element elementor-element-1fa5227 elementor-widget elementor-widget-text-editor\" data-id=\"1fa5227\" data-element_type=\"widget\" data-widget_type=\"text-editor.default\">\n\t\t\t\t<div class=\"elementor-widget-container\">\n\t\t\t\t\t\t\t\t<p>Caros colegas enfermeiros(as) sindicalizados,<\/p><p>Estamos em um momento decisivo para a nossa categoria &#8211; o processo eleitoral do Sindicato dos Enfermeiros de Goi\u00e1s, que se encontra aberto! Sua participa\u00e7\u00e3o \u00e9 fundamental para fortalecer a representa\u00e7\u00e3o da enfermagem e garantir que nossas vozes sejam ouvidas.<\/p><p>O sindicato tem um papel essencial na luta por melhores condi\u00e7\u00f5es de trabalho, remunera\u00e7\u00e3o justa e valoriza\u00e7\u00e3o profissional. No entanto, para que ele seja forte e atuante, precisamos do envolvimento de cada um de voc\u00eas. O voto \u00e9 a nossa principal ferramenta para escolher l\u00edderes comprometidos com os interesses da classe e que possam conduzir nossa categoria rumo \u00e0 conquistas ainda maiores.<\/p><p>Ao participar deste processo eleitoral, seja atrav\u00e9s de inscri\u00e7\u00e3o de chapa ou do voto para a escolha de chapa, voc\u00ea estar\u00e1 exercendo o seu direito democr\u00e1tico e contribuindo para uma enfermagem mais unida e fortalecida. Precisamos de uma gest\u00e3o que lute por nossos direitos, que esteja presente nas batalhas di\u00e1rias e que defenda incansavelmente a dignidade da nossa profiss\u00e3o.<\/p><p>Por isso, convocamos todos os enfermeiros(as) sindicalizados e adimplentes a fazerem valer sua voz e seu voto. N\u00e3o deixemos que a decis\u00e3o fique apenas nas m\u00e3os de alguns \u2013 a enfermagem precisa de todos n\u00f3s!<\/p><p>Fique atento \u00e0s datas, o processo eleitoral ser\u00e1 online com senha enviada via e-mail cadastrado no SIEG, e n\u00e3o perca a oportunidade de fazer a diferen\u00e7a. Unidos, somos mais fortes!<\/p><p>Contamos com voc\u00ea!<\/p><p>Atenciosamente, <br \/>Comiss\u00e3o Eleitoral 2025<\/p>\t\t\t\t\t\t<\/div>\n\t\t\t\t<\/div>\n\t\t\t\t\t<\/div>\n\t\t<\/div>\n\t\t\t\t\t\t\t<\/div>\n\t\t<\/section>\n\t\t\t\t<section class=\"elementor-section elementor-top-section elementor-element elementor-element-dd0ee40 elementor-section-boxed elementor-section-height-default elementor-section-height-default\" data-id=\"dd0ee40\" data-element_type=\"section\">\n\t\t\t\t\t\t<div class=\"elementor-container elementor-column-gap-default\">\n\t\t\t\t\t<div class=\"elementor-column elementor-col-33 elementor-top-column elementor-element elementor-element-3c49dcd\" data-id=\"3c49dcd\" data-element_type=\"column\">\n\t\t\t<div class=\"elementor-widget-wrap elementor-element-populated\">\n\t\t\t\t\t\t\t\t<div class=\"elementor-element elementor-element-775b767 elementor-widget elementor-widget-image\" data-id=\"775b767\" data-element_type=\"widget\" data-widget_type=\"image.default\">\n\t\t\t\t<div class=\"elementor-widget-container\">\n\t\t\t\t\t\t\t\t\t\t\t\t\t\t\t<img loading=\"lazy\" decoding=\"async\" width=\"300\" height=\"300\" src=\"https:\/\/sieg.org.br\/wp-content\/uploads\/2025\/03\/Marta-Valeria-Calatayud-Carvalho-Presidente-A-1.jpg\" class=\"attachment-medium size-medium\" alt=\"\" srcset=\"https:\/\/sieg.org.br\/wp-content\/uploads\/2025\/03\/Marta-Valeria-Calatayud-Carvalho-Presidente-A-1.jpg 300w, https:\/\/sieg.org.br\/wp-content\/uploads\/2025\/03\/Marta-Valeria-Calatayud-Carvalho-Presidente-A-1-150x150.jpg 150w\" sizes=\"(max-width: 300px) 100vw, 300px\" \/>\t\t\t\t\t\t\t\t\t\t\t\t\t\t\t<\/div>\n\t\t\t\t<\/div>\n\t\t\t\t\t<\/div>\n\t\t<\/div>\n\t\t\t\t<div class=\"elementor-column elementor-col-33 elementor-top-column elementor-element elementor-element-6b09951\" data-id=\"6b09951\" data-element_type=\"column\">\n\t\t\t<div class=\"elementor-widget-wrap elementor-element-populated\">\n\t\t\t\t\t\t\t\t<div class=\"elementor-element elementor-element-c53cef7 elementor-widget elementor-widget-image\" data-id=\"c53cef7\" data-element_type=\"widget\" data-widget_type=\"image.default\">\n\t\t\t\t<div class=\"elementor-widget-container\">\n\t\t\t\t\t\t\t\t\t\t\t\t\t\t\t<img loading=\"lazy\" decoding=\"async\" width=\"300\" height=\"300\" src=\"https:\/\/sieg.org.br\/wp-content\/uploads\/2025\/03\/Iara-C-2.jpg\" class=\"attachment-large size-large\" alt=\"\" srcset=\"https:\/\/sieg.org.br\/wp-content\/uploads\/2025\/03\/Iara-C-2.jpg 300w, https:\/\/sieg.org.br\/wp-content\/uploads\/2025\/03\/Iara-C-2-150x150.jpg 150w\" sizes=\"(max-width: 300px) 100vw, 300px\" \/>\t\t\t\t\t\t\t\t\t\t\t\t\t\t\t<\/div>\n\t\t\t\t<\/div>\n\t\t\t\t\t<\/div>\n\t\t<\/div>\n\t\t\t\t<div class=\"elementor-column elementor-col-33 elementor-top-column elementor-element elementor-element-256a4ae\" data-id=\"256a4ae\" data-element_type=\"column\">\n\t\t\t<div class=\"elementor-widget-wrap elementor-element-populated\">\n\t\t\t\t\t\t\t\t<div class=\"elementor-element elementor-element-135db64 elementor-widget elementor-widget-image\" data-id=\"135db64\" data-element_type=\"widget\" data-widget_type=\"image.default\">\n\t\t\t\t<div class=\"elementor-widget-container\">\n\t\t\t\t\t\t\t\t\t\t\t\t\t\t\t<img loading=\"lazy\" decoding=\"async\" width=\"300\" height=\"300\" src=\"https:\/\/sieg.org.br\/wp-content\/uploads\/2025\/03\/Maria-do-Socorro-B-1.jpg\" class=\"attachment-large size-large\" alt=\"\" srcset=\"https:\/\/sieg.org.br\/wp-content\/uploads\/2025\/03\/Maria-do-Socorro-B-1.jpg 300w, https:\/\/sieg.org.br\/wp-content\/uploads\/2025\/03\/Maria-do-Socorro-B-1-150x150.jpg 150w\" sizes=\"(max-width: 300px) 100vw, 300px\" \/>\t\t\t\t\t\t\t\t\t\t\t\t\t\t\t<\/div>\n\t\t\t\t<\/div>\n\t\t\t\t\t<\/div>\n\t\t<\/div>\n\t\t\t\t\t\t\t<\/div>\n\t\t<\/section>\n\t\t\t\t\t\t<\/div>\n\t\t\t\t\t<\/div>\n\t\t","protected":false},"excerpt":{"rendered":"<p>Caros colegas enfermeiros(as) sindicalizados, Estamos em um momento decisivo para a nossa categoria &#8211; o processo eleitoral do Sindicato dos Enfermeiros de Goi\u00e1s, que se encontra aberto! Sua participa\u00e7\u00e3o \u00e9 fundamental para fortalecer a representa\u00e7\u00e3o da enfermagem e garantir que nossas vozes sejam ouvidas. O sindicato tem um papel essencial na luta por melhores condi\u00e7\u00f5es [&hellip;]<\/p>\n","protected":false},"author":2,"featured_media":1080,"comment_status":"open","ping_status":"open","sticky":false,"template":"","format":"standard","meta":{"_mi_skip_tracking":false,"footnotes":""},"categories":[1],"tags":[],"aioseo_notices":[],"_links":{"self":[{"href":"https:\/\/sieg.org.br\/index.php\/wp-json\/wp\/v2\/posts\/1064"}],"collection":[{"href":"https:\/\/sieg.org.br\/index.php\/wp-json\/wp\/v2\/posts"}],"about":[{"href":"https:\/\/sieg.org.br\/index.php\/wp-json\/wp\/v2\/types\/post"}],"author":[{"embeddable":true,"href":"https:\/\/sieg.org.br\/index.php\/wp-json\/wp\/v2\/users\/2"}],"replies":[{"embeddable":true,"href":"https:\/\/sieg.org.br\/index.php\/wp-json\/wp\/v2\/comments?post=1064"}],"version-history":[{"count":6,"href":"https:\/\/sieg.org.br\/index.php\/wp-json\/wp\/v2\/posts\/1064\/revisions"}],"predecessor-version":[{"id":1083,"href":"https:\/\/sieg.org.br\/index.php\/wp-json\/wp\/v2\/posts\/1064\/revisions\/1083"}],"wp:featuredmedia":[{"embeddable":true,"href":"https:\/\/sieg.org.br\/index.php\/wp-json\/wp\/v2\/media\/1080"}],"wp:attachment":[{"href":"https:\/\/sieg.org.br\/index.php\/wp-json\/wp\/v2\/media?parent=1064"}],"wp:term":[{"taxonomy":"category","embeddable":true,"href":"https:\/\/sieg.org.br\/index.php\/wp-json\/wp\/v2\/categories?post=1064"},{"taxonomy":"post_tag","embeddable":true,"href":"https:\/\/sieg.org.br\/index.php\/wp-json\/wp\/v2\/tags?post=1064"}],"curies":[{"name":"wp","href":"https:\/\/api.w.org\/{rel}","templated":true}]}}